[{"@context":"https:\/\/schema.org\/","@type":"Article","@id":"https:\/\/www.hilma.cz\/architekti-praha\/#Article","mainEntityOfPage":"https:\/\/www.hilma.cz\/architekti-praha\/","headline":"Architekti Praha","name":"Architekti Praha","description":"Jsme s V\u00e1mi, kdy\u017e se rozhodnete pro zm\u011bnu V mnoh\u00fdch p\u0159\u00edpadech si nejsme jist\u00ed, nebo p\u0159esn\u011b nev\u00edme, jak vyu\u017e\u00edt dan\u00fd prostor v dom\u011b nebo byt\u011b. &hellip; ","datePublished":"2019-04-02","dateModified":"2019-04-02","author":{"@type":"Person","@id":"https:\/\/www.hilma.cz\/author\/#Person","name":"","url":"https:\/\/www.hilma.cz\/author\/","identifier":1,"image":{"@type":"ImageObject","@id":"https:\/\/secure.gravatar.com\/avatar\/82449f5dd313bdc88befc1a2d3138ce45c5e7d5eeee84221e3cf7fbc184b80d3?s=96&d=mm&r=g","url":"https:\/\/secure.gravatar.com\/avatar\/82449f5dd313bdc88befc1a2d3138ce45c5e7d5eeee84221e3cf7fbc184b80d3?s=96&d=mm&r=g","height":96,"width":96}},"publisher":{"@type":"Organization","name":"hilma.cz","logo":{"@type":"ImageObject","@id":"\/logo.png","url":"\/logo.png","width":600,"height":60}},"image":{"@type":"ImageObject","@id":"https:\/\/www.hilma.cz\/wp-content\/uploads\/img_a344229_w1708_t1557816518.jpg","url":"https:\/\/www.hilma.cz\/wp-content\/uploads\/img_a344229_w1708_t1557816518.jpg","height":0,"width":0},"url":"https:\/\/www.hilma.cz\/architekti-praha\/","wordCount":506,"articleBody":"        Jsme s V\u00e1mi, kdy\u017e se rozhodnete pro zm\u011bnu   V mnoh\u00fdch p\u0159\u00edpadech si nejsme jist\u00ed, nebo p\u0159esn\u011b nev\u00edme, jak vyu\u017e\u00edt dan\u00fd prostor v dom\u011b nebo byt\u011b. Jedn\u00e1 se o jednu m\u00edstnost nebo celou dom\u00e1cnost? Chcete za\u010d\u00edt rekonstruovat? M\u00e1te pr\u00e1zdn\u00fd byt a nev\u00edte, jak\u00fd nejvhodn\u011bj\u0161\u00ed n\u00e1bytek zvolit? P\u0159esn\u011b nev\u00edte, co se k sob\u011b hod\u00ed? Nebo naopak m\u00e1te ur\u010ditou p\u0159edstavu, ale cht\u011bli byste se pod\u00edvat, jak to bude vypadat, ne\u017e si v\u0161echno po\u0159\u00edd\u00edte? V tom p\u0159\u00edpad\u011b m\u016f\u017eete vyu\u017e\u00edt slu\u017eeb profesion\u00e1ln\u00edch bytov\u00fdch architekt\u016f. Prov\u00e1d\u00edme n\u00e1vrhy interi\u00e9r\u016f v Praze. Z\u00edsk\u00e1te lep\u0161\u00ed p\u0159edstavu o tom, jak to bude v budoucnosti vypadat  Vizualizace je rozhodn\u011b d\u016fle\u017eit\u00e1. Na obr\u00e1zku toti\u017e vid\u00edte, jak by to mohlo vypadat a m\u016f\u017eete se dop\u0159edu je\u0161t\u011b rozhodnout, co byste cht\u011bli zm\u011bnit. Na z\u00e1klad\u011b vizualizace tak\u00e9 zjist\u00edte, jestli je mo\u017en\u00e9 ustavit n\u00e1bytek tak, jak jste to p\u016fvodn\u011b zam\u00fd\u0161leli. Jestli se n\u00e1bytek do prostoru vleze a zjist\u00edte i spoustu dal\u0161\u00edch pot\u0159ebn\u00fdch informac\u00ed, nap\u0159\u00edklad jestli k sob\u011b lad\u00ed barevn\u011b nebo dekory. V na\u0161em domov\u011b hraje d\u016fle\u017eitou roli i n\u00e1bytek Cel\u00fd prostoru se sna\u017e\u00edme p\u0159izp\u016fsobit va\u0161im pot\u0159eb\u00e1m, ale i modern\u00edm trend\u016fm. D\u016fle\u017eitou roli hraje p\u0159edev\u0161\u00edm n\u00e1bytek. Ten lad\u00edme do stejn\u00fdch podt\u00f3n\u016f cel\u00e9 dom\u00e1cnosti, aby k sob\u011b v\u0161e ladilo. Vybereme vhodn\u00e9 materi\u00e1ly a barvy a p\u0159izp\u016fsob\u00edme je prostoru tak, abyste se v n\u011bm ka\u017ed\u00fd den c\u00edtili p\u0159\u00edjemn\u011b. Zm\u011b\u0148te v\u0161echno  Chcete n\u011bco zm\u011bnit ve sv\u00e9m \u017eivot\u011b? Nel\u00edb\u00ed se v\u00e1m, jak to u v\u00e1s doma vypad\u00e1? Jenom\u017ee pokud chcete zm\u011bnu, nem\u016f\u017eete vyhodit jednu malou v\u011bc a myslet si, jakou jste neu\u010dili velkou v\u011bc, \u017ee to te\u010f u v\u00e1s doma bude vypadat \u00fapln\u011b jinak. Pokud doopravdy chcete zm\u011bnu, pak zm\u011b\u0148te v\u0161echno. Provedeme pro v\u00e1s n\u00e1vrh interi\u00e9ru jedn\u00e9 m\u00edstnosti nebo cel\u00e9ho obydl\u00ed. P\u0159\u00edjemn\u00fd a funk\u010dn\u00ed prostor  V\u0161echny projekty zpracov\u00e1v\u00e1me na z\u00e1klad\u011b informac\u00ed o dan\u00e9m prostoru. V potaz bereme dostatek m\u00edsta, vytv\u00e1\u0159\u00edme \u00fatuln\u00e9 le\u010d velice modern\u00ed a vkusn\u011b za\u0159\u00edzen\u00e9 dom\u00e1cnosti se sklonem k vyu\u017eit\u00ed funk\u010dnosti. Na\u0161e na\u010derpan\u00e9 zku\u0161enosti a v\u011bdomosti n\u00e1m pomohou navrhnout prostor tak, aby byl modern\u00ed a elegantn\u00ed, ale tak\u00e9 pln\u011b funk\u010dn\u00ed. Cel\u00fd prostor se sna\u017e\u00edme p\u0159izp\u016fsobit va\u0161im pot\u0159eb\u00e1m, po\u017eadavk\u016fm a tak\u00e9 priorit\u00e1m. Do m\u00edstnosti d\u00e1le zakomponujeme modern\u00ed barvy, p\u0159\u00edjemn\u00e9 materi\u00e1ly a r\u016fzn\u00e9 vzory, aby v\u0161e ladilo  http:\/\/www.auto.cz\/lada-4&#215;4-bronto-pokud-vam-niva-nestacila-tovarni-tuning-rusu-111986 s nejnov\u011bj\u0161\u00edmi trendy.                                                                                                                                                                                                                                                                                                                                                                                          4.4\/5 - (7 votes)        "},{"@context":"https:\/\/schema.org\/","@type":"BreadcrumbList","itemListElement":[{"@type":"ListItem","position":1,"name":"Architekti Praha","item":"https:\/\/www.hilma.cz\/architekti-praha\/#breadcrumbitem"}]}]