[{"@context":"https:\/\/schema.org\/","@type":"Article","@id":"https:\/\/www.hilma.cz\/bez-elektriny-to-nejde\/#Article","mainEntityOfPage":"https:\/\/www.hilma.cz\/bez-elektriny-to-nejde\/","headline":"Bez elekt\u0159iny to nejde","name":"Bez elekt\u0159iny to nejde","description":"Bez elektrick\u00e9ho proudu bychom si my lid\u00e9 sv\u016fj \u017eivot zrovna moc neu\u017eili. Samoz\u0159ejm\u011b, \u017ee bychom to i bez n\u011bj n\u011bjak zvl\u00e1dli, jak o tom sv\u011bd\u010d\u00ed &hellip; ","datePublished":"2024-01-03","dateModified":"2024-01-03","author":{"@type":"Person","@id":"https:\/\/www.hilma.cz\/author\/#Person","name":"","url":"https:\/\/www.hilma.cz\/author\/","identifier":1,"image":{"@type":"ImageObject","@id":"https:\/\/secure.gravatar.com\/avatar\/82449f5dd313bdc88befc1a2d3138ce45c5e7d5eeee84221e3cf7fbc184b80d3?s=96&d=mm&r=g","url":"https:\/\/secure.gravatar.com\/avatar\/82449f5dd313bdc88befc1a2d3138ce45c5e7d5eeee84221e3cf7fbc184b80d3?s=96&d=mm&r=g","height":96,"width":96}},"publisher":{"@type":"Organization","name":"hilma.cz","logo":{"@type":"ImageObject","@id":"\/logo.png","url":"\/logo.png","width":600,"height":60}},"image":{"@type":"ImageObject","@id":"https:\/\/www.hilma.cz\/wp-content\/uploads\/vvvvvvvvvvvvvvvv.jpg","url":"https:\/\/www.hilma.cz\/wp-content\/uploads\/vvvvvvvvvvvvvvvv.jpg","height":0,"width":0},"url":"https:\/\/www.hilma.cz\/bez-elektriny-to-nejde\/","wordCount":427,"articleBody":"    Bez elektrick\u00e9ho proudu bychom si my lid\u00e9 sv\u016fj \u017eivot zrovna moc neu\u017eili. Samoz\u0159ejm\u011b, \u017ee bychom to i bez n\u011bj n\u011bjak zvl\u00e1dli, jak o tom sv\u011bd\u010d\u00ed t\u0159eba p\u0159\u00edpady n\u011bjak\u00fdch t\u011bch \u201asoci\u00e1ln\u011b slab\u00fdch\u2018 jedinc\u016f, ale zapoj\u00edme-li aspo\u0148 trochu fantazii, p\u0159ijdeme na to, \u017ee by se n\u00e1m takov\u00fd \u017eivot nel\u00edbil. Byli bychom p\u0159ece zbaveni mnoha v\u00fdhod, kdybychom tuto energii postr\u00e1dali, a leccos bychom museli \u0159e\u0161it alternativn\u011b a nedokonale. A do toho by se n\u00e1m ur\u010dit\u011b necht\u011blo dobrovoln\u011b j\u00edt.  V posledn\u00ed dob\u011b si ale neuv\u011bdomujeme jenom to, jak\u00e9 je pro n\u00e1s elekt\u0159ina terno. Tak\u00e9 si kv\u016fli prob\u011bhl\u00e9mu zdra\u017eov\u00e1n\u00ed mnohdy klademe ot\u00e1zku, zda by vlastn\u011b nebylo lep\u0161\u00ed se bez elekt\u0159iny obej\u00edt. Proto\u017ee ty ceny nejsou zrovna p\u0159\u00edjemn\u00e9. Kdybychom tak p\u0159estali se spot\u0159ebov\u00e1v\u00e1n\u00edm elekt\u0159iny, dost bychom p\u0159ece u\u0161et\u0159ili. A m\u011bli v\u00edc pen\u011bz na jin\u00e9, tak\u00e9 d\u016fle\u017eit\u00e9 a mo\u017en\u00e1 je\u0161t\u011b d\u016fle\u017eit\u011bj\u0161\u00ed z\u00e1le\u017eitosti. Nakonec sice dosp\u011bjeme k n\u00e1zoru, \u017ee elekt\u0159inu p\u0159ece jenom vyu\u017e\u00edvat budeme, abychom se nep\u0159ipravili o jej\u00ed p\u0159ednosti, ale p\u0159ece jenom v n\u00e1s hlod\u00e1 \u010derv\u00edk pochybnost\u00ed, zda si po\u010d\u00edn\u00e1me spr\u00e1vn\u011b, kdy\u017e ji odeb\u00edr\u00e1me tak, jak ji odeb\u00edr\u00e1me. Kdy\u017e jsme p\u0159ipojeni k ve\u0159ejn\u00e9 elektrick\u00e9 s\u00edti a plat\u00edme si za ni u jej\u00edch tradi\u010dn\u00edch dodavatel\u016f.  A k \u010demu takov\u00e9 \u00favahy n\u011bkdy tak\u00e9 nakonec vedou? Nap\u0159\u00edklad i ke zji\u0161t\u011bn\u00ed, \u017ee m\u016f\u017eeme elekt\u0159inu m\u00edt, a p\u0159itom nemus\u00edme platit t\u011bm, kdo n\u00e1m ji tak citeln\u011b zdra\u017eili. \u017de m\u016f\u017eeme m\u00edt dokonce i elekt\u0159inu zdarma. Proto\u017ee ji nemus\u00edme br\u00e1t jenom odtud, odkud ji my lid\u00e9 tradi\u010dn\u011b bereme, tedy od velk\u00fdch elektr\u00e1ren a distributor\u016f elekt\u0159iny. Existuje p\u0159ece i fotovoltaick\u00e1 elektr\u00e1rna pro rodinn\u00fd d\u016fm, se kterou si m\u016f\u017ee vyr\u00e1b\u011bt vlastn\u00ed elektrickou energii kdokoliv z n\u00e1s. Do takov\u00e9ho za\u0159\u00edzen\u00ed sta\u010d\u00ed pouze investovat p\u0159i jeho koupi a pak u\u017e m\u00e1 majitel n\u011b\u010deho takov\u00e9ho vystar\u00e1no. Na \u0159adu let m\u00e1 zaji\u0161t\u011bn\u00e9 dod\u00e1vky vlastn\u00ed, bezplatn\u00e9 elekt\u0159iny. A m\u016f\u017ee mu b\u00fdt fuk, co se d\u011bje na trhu s energiemi.                                                                                                                                                                                                                                                                                                                                                                                          4.1\/5 - (9 votes)        "},{"@context":"https:\/\/schema.org\/","@type":"BreadcrumbList","itemListElement":[{"@type":"ListItem","position":1,"name":"Bez elekt\u0159iny to nejde","item":"https:\/\/www.hilma.cz\/bez-elektriny-to-nejde\/#breadcrumbitem"}]}]