[{"@context":"https:\/\/schema.org\/","@type":"Article","@id":"https:\/\/www.hilma.cz\/chrante-svuj-mobil\/#Article","mainEntityOfPage":"https:\/\/www.hilma.cz\/chrante-svuj-mobil\/","headline":"Chra\u0148te sv\u016fj mobil","name":"Chra\u0148te sv\u016fj mobil","description":"J\u00e1 si mysl\u00edm, \u017ee kdy\u017e si lid\u00e9 po\u0159\u00edd\u00ed n\u011bjakou drahou elektroniku anebo techniku, \u017ee by si tak\u00e9 na to m\u011bli po\u0159\u00eddit n\u011bjak\u00fd obal anebo n\u011bjak\u00fd &hellip; ","datePublished":"2023-12-29","dateModified":"2023-12-29","author":{"@type":"Person","@id":"https:\/\/www.hilma.cz\/author\/#Person","name":"","url":"https:\/\/www.hilma.cz\/author\/","identifier":1,"image":{"@type":"ImageObject","@id":"https:\/\/secure.gravatar.com\/avatar\/82449f5dd313bdc88befc1a2d3138ce45c5e7d5eeee84221e3cf7fbc184b80d3?s=96&d=mm&r=g","url":"https:\/\/secure.gravatar.com\/avatar\/82449f5dd313bdc88befc1a2d3138ce45c5e7d5eeee84221e3cf7fbc184b80d3?s=96&d=mm&r=g","height":96,"width":96}},"publisher":{"@type":"Organization","name":"hilma.cz","logo":{"@type":"ImageObject","@id":"\/logo.png","url":"\/logo.png","width":600,"height":60}},"image":{"@type":"ImageObject","@id":"https:\/\/www.hilma.cz\/wp-content\/uploads\/camera-1842202_1280_2.jpg","url":"https:\/\/www.hilma.cz\/wp-content\/uploads\/camera-1842202_1280_2.jpg","height":0,"width":0},"url":"https:\/\/www.hilma.cz\/chrante-svuj-mobil\/","wordCount":483,"articleBody":"   J\u00e1 si mysl\u00edm, \u017ee kdy\u017e si lid\u00e9 po\u0159\u00edd\u00ed n\u011bjakou drahou elektroniku anebo techniku, \u017ee by si tak\u00e9 na to m\u011bli po\u0159\u00eddit n\u011bjak\u00fd obal anebo n\u011bjak\u00fd kryt. Vzpom\u00edn\u00e1m si, \u017ee kdy\u017e m\u016fj d\u011bde\u010dek m\u011bl takov\u00fd star\u00fd fotoapar\u00e1t, tak\u00e9 m\u011bl na to ko\u017eenou bra\u0161nu, a dokonce na \u010do\u010dku sv\u00e9ho fotoapar\u00e1tu m\u011bl takov\u00e9 skl\u00ed\u010dko, kter\u00e9 bylo um\u011bl\u00e9 anebo plastov\u00e9. Kter\u00e9 chr\u00e1nilo pr\u00e1v\u011b skl\u00ed\u010dko fotoapar\u00e1tu. Proto jsem si \u0159ekla, \u017ee kdy\u017e jsem si po\u0159\u00eddila nov\u00fd mobiln\u00ed telefon, tak si tak\u00e9 po\u0159\u00edd\u00edm obal anebo kryt. A proto\u017ee m\u00e1m iPhone XR, tak jsem si \u0159ekla, \u017ee si po\u0159\u00edd\u00edm p\u0159\u00edmo obal na iPhone XR. Obal na iPhone XR Ipouzdro je opravdu kvalitn\u00ed. M\u00e1 spoustu tvar\u016f. A tak\u00e9 spousta proveden\u00ed anebo tak\u00e9 je v r\u016fzn\u00e9m materi\u00e1lu. Abych se p\u0159iznala, tak m\u011b se opravdu hodn\u011b l\u00edb\u00ed p\u0159\u00edrodn\u00ed v\u011bci. Proto jsem r\u00e1da, \u017ee jsem tento obal na iPhone na\u0161la tak\u00e9 v ko\u017een\u00e9 barv\u011b. Je to kr\u00e1sn\u00e1 \u010dern\u00e1, ko\u017een\u00e1 barva. Mn\u011b se nejv\u00edce l\u00edb\u00ed pr\u00e1v\u011b k\u016f\u017ee, kdy\u017e je v \u010dern\u00e9 barv\u011b. Doma m\u00e1m tak\u00e9 b\u00edl\u00e9 ko\u017een\u00e9 v\u011bci, kter\u00e9 se mi moc l\u00edb\u00ed, ale podle m\u00e9ho n\u00e1zoru, kdy\u017e si po\u0159\u00edd\u00edte drah\u00fd mobiln\u00ed telefon, jako nap\u0159\u00edklad iPhone XR, tak ur\u010dit\u011b dodr\u017ete to, \u017ee si sl\u00edb\u00edte, \u017ee si po\u0159\u00edd\u00edte n\u011bjak\u00fd kryt anebo obal na mobiln\u00ed telefon. V\u011b\u0159te mi, \u017ee bez toho byste se asi neobe\u0161li a pokud ano, tak si jenom p\u0159edstavte, kdybyste t\u0159eba n\u011bkde sed\u011bli a upadli byste. Nebo by v\u00e1m t\u0159eba mobiln\u00ed telefon iPhone vypadl z ruky anebo z kapsy a spadl by na zem? Byla by to opravdu hrozn\u00e9, proto\u017ee by se v\u00e1m t\u0159eba rozbil displej. A kdy\u017e to potom bude takov\u00e9 hrozn\u00e9, \u017ee se v\u00e1m rozbije displej, tak t\u0159eba u\u017e ten mobiln\u00ed telefon nep\u016fjde v\u016fbec opravit. Nav\u00edc, kdy\u017e to tak vezmu, tak obaly na iPhone nejsou tak moc drah\u00e9. Z\u00e1le\u017e\u00ed na tom, jestli si vyberete n\u011bjak\u00fd zna\u010dkov\u00fd, n\u011bjakou novinku anebo \u00fapln\u011b oby\u010dejn\u00fd. A oby\u010dejn\u00fd, ko\u017een\u00fd nezna\u010dkov\u00fd obal m\u016f\u017ee st\u00e1t t\u0159eba p\u011bt stovek, ale kdy\u017e si koup\u00edte t\u0159eba n\u011bjak\u00fd opravdu hodn\u011b zna\u010dkov\u00fd a v\u00fdznamn\u00e9 zna\u010dky, tak t\u0159eba za to m\u016f\u017eete d\u00e1t i t\u0159i tis\u00edce korun, z\u00e1le\u017e\u00ed na v\u00e1s, co vy budete cht\u00edt anebo s jakou zna\u010dkou se spokoj\u00edte. Ov\u0161em ale nikdy nezapom\u00ednejte na kvalitu anebo vlastn\u011b na jak\u00fdkoliv obal, kter\u00fd v\u00e1m ochr\u00e1n\u00ed v\u00e1\u0161 mobiln\u00ed telefon.                                                                                                                                                                                                                                                                                                                                                                                           5\/5 - (1 vote)        "},{"@context":"https:\/\/schema.org\/","@type":"BreadcrumbList","itemListElement":[{"@type":"ListItem","position":1,"name":"Chra\u0148te sv\u016fj mobil","item":"https:\/\/www.hilma.cz\/chrante-svuj-mobil\/#breadcrumbitem"}]}]