[{"@context":"https:\/\/schema.org\/","@type":"Article","@id":"https:\/\/www.hilma.cz\/nez-zamestnanci-dostanou-mzdu\/#Article","mainEntityOfPage":"https:\/\/www.hilma.cz\/nez-zamestnanci-dostanou-mzdu\/","headline":"Ne\u017e zam\u011bstnanci dostanou mzdu","name":"Ne\u017e zam\u011bstnanci dostanou mzdu","description":"Kdy\u017e nab\u00edz\u00ed firma dostate\u010dn\u011b vysok\u00e9 mzdy, se\u017eene snad na jakoukoliv pr\u00e1ci bez probl\u00e9m\u016f dostatek zam\u011bstnanc\u016f. Kdy\u017e tu mzdy nestoj\u00ed za moc, z\u00e1jem lid\u00ed vz\u00edt tu &hellip; ","datePublished":"2024-04-13","dateModified":"2024-05-14","author":{"@type":"Person","@id":"https:\/\/www.hilma.cz\/author\/#Person","name":"","url":"https:\/\/www.hilma.cz\/author\/","identifier":1,"image":{"@type":"ImageObject","@id":"https:\/\/secure.gravatar.com\/avatar\/82449f5dd313bdc88befc1a2d3138ce45c5e7d5eeee84221e3cf7fbc184b80d3?s=96&d=mm&r=g","url":"https:\/\/secure.gravatar.com\/avatar\/82449f5dd313bdc88befc1a2d3138ce45c5e7d5eeee84221e3cf7fbc184b80d3?s=96&d=mm&r=g","height":96,"width":96}},"publisher":{"@type":"Organization","name":"hilma.cz","logo":{"@type":"ImageObject","@id":"\/logo.png","url":"\/logo.png","width":600,"height":60}},"image":{"@type":"ImageObject","@id":"https:\/\/www.hilma.cz\/wp-content\/uploads\/ffffff_10_10_6.jpg","url":"https:\/\/www.hilma.cz\/wp-content\/uploads\/ffffff_10_10_6.jpg","height":0,"width":0},"url":"https:\/\/www.hilma.cz\/nez-zamestnanci-dostanou-mzdu\/","wordCount":411,"articleBody":"   Kdy\u017e nab\u00edz\u00ed firma dostate\u010dn\u011b vysok\u00e9 mzdy, se\u017eene snad na jakoukoliv pr\u00e1ci bez probl\u00e9m\u016f dostatek zam\u011bstnanc\u016f. Kdy\u017e tu mzdy nestoj\u00ed za moc, z\u00e1jem lid\u00ed vz\u00edt tu pr\u00e1ci kles\u00e1. A kdyby se n\u011bkde lid\u00e9 platu nedo\u010dk\u00e1vali, ani tam nenastoup\u00ed, nebo odtud ute\u010dou, jakmile nedostanou to, co m\u011bli dostat. Co\u017e pro majitele firem, kte\u0159\u00ed pot\u0159ebuj\u00ed n\u011bjak\u00e9 zam\u011bstnance m\u00edt, znamen\u00e1, \u017ee mus\u00ed sehnat dostate\u010dn\u00e9 pen\u00edze a z t\u011bch lidi zaplatit.Mohlo by to vypadat docela jednodu\u0161e. Zam\u011bstnanci odvedou svoji pr\u00e1ci, podnik dostane pen\u00edze a \u010d\u00e1st z dosa\u017een\u00fdch zisk\u016f se prost\u011b mezi zam\u011bstnance p\u0159erozd\u011bl\u00ed. A do jist\u00e9 m\u00edry to tak i doopravdy funguje. Ale ne\u017e k tomu dojde, je tu jeden n\u011bkdy i docela z\u00e1sadn\u00ed probl\u00e9m. Pen\u00edze se mus\u00ed vyd\u011blat, a ne\u017e se zam\u011bstnanci sv\u00e9 odm\u011bny do\u010dkaj\u00ed, mus\u00ed jim n\u011bkdo jejich mzdy spo\u010d\u00edtat. A to nen\u00ed zase a\u017e tak prost\u00e9, jak byste si mo\u017en\u00e1 mohli myslet. Mezi mzdou, kterou zam\u011bstnavatel nab\u00edz\u00ed, a platem, kter\u00fd zam\u011bstnanci dost\u00e1vaj\u00ed, je rozd\u00edl. A t\u00edmto rozd\u00edlem jsou r\u016fzn\u00e9 odvody, kter\u00e9 se mus\u00ed z mezd strh\u00e1vat.My pracuj\u00edc\u00ed tak obvykle v\u00edme o tom, \u017ee se z na\u0161ich pen\u011bz n\u011bco odv\u00e1d\u00ed st\u00e1tu, n\u011bco t\u0159eba zdravotn\u00ed poji\u0161\u0165ovn\u011b nebo kdekomu jin\u00e9mu. A je na majitel\u00edch firem, aby to v\u0161echno spr\u00e1vn\u011b spo\u010d\u00edtali a odvedli. A proto\u017ee to ne ka\u017ed\u00fd podnikatel bravurn\u011b zvl\u00e1dne, m\u00e1 i na mzdy Praha sv\u00e9 profesion\u00e1ly. Kdy\u017e se v na\u0161\u00ed metropoli nechce n\u011bkdo \u00fa\u010detnictv\u00ed v\u011bnovat nebo se boj\u00ed, \u017ee by to nezvl\u00e1dnul, m\u016f\u017ee to jednodu\u0161e nechat na profesion\u00e1ln\u00ed \u00fa\u010detn\u00ed firm\u011b, kter\u00e1 to za n\u011bj ud\u011bl\u00e1.A tak my lid\u00e9 dost\u00e1v\u00e1me za pr\u00e1ci sv\u016fj plat a mus\u00edme se postarat jedin\u011b o to, abychom z n\u011bj zvl\u00e1dli vy\u017e\u00edt. A nemus\u00edme se starat o to, jestli ka\u017ed\u00fd, komu n\u011bco z na\u0161\u00ed mzdy n\u00e1le\u017e\u00ed, tak\u00e9 dostal sv\u00e9. Proto\u017ee to nen\u00ed n\u00e1\u0161 \u00fakol. Je to \u00fakol na\u0161ich zam\u011bstnavatel\u016f. A jenom na nich z\u00e1le\u017e\u00ed, jestli se s t\u00edm budou tr\u00e1pit sami nebo to nechaj\u00ed na \u00fa\u010detn\u00ed firm\u011b a budou m\u00edt po starostech.                                                                                                                                                                                                                                                                                                                                                                                                  "},{"@context":"https:\/\/schema.org\/","@type":"BreadcrumbList","itemListElement":[{"@type":"ListItem","position":1,"name":"Ne\u017e zam\u011bstnanci dostanou mzdu","item":"https:\/\/www.hilma.cz\/nez-zamestnanci-dostanou-mzdu\/#breadcrumbitem"}]}]