[{"@context":"https:\/\/schema.org\/","@type":"Blog","@id":"https:\/\/www.hilma.cz#Blog","headline":"Hilma","description":"\nBez pen\u011bz u\u017e dnes stoprocentn\u011b nikdo neobstoj\u00ed. V\u0161e, co za n\u011bco stoj\u00ed, n\u011bco stoj\u00ed, a ten, kdo nem\u00e1 \u010d\u00edm platit, se tak mus\u00ed bez toho nab\u00edzej\u00edc\u00edho se obej\u00edt.","url":"https:\/\/www.hilma.cz","hasPart":[{"@type":"Article","@id":"https:\/\/www.hilma.cz\/zbavte-se-zbytecnosti-radi-cinske-umeni-feng-suej\/","headline":"Zbavte se zbyte\u010dnost\u00ed, rad\u00ed \u010d\u00ednsk\u00e9 um\u011bn\u00ed feng \u0161uej","url":"https:\/\/www.hilma.cz\/zbavte-se-zbytecnosti-radi-cinske-umeni-feng-suej\/","datePublished":"2023-10-03","dateModified":"2023-10-03","mainEntityOfPage":"https:\/\/www.hilma.cz\/zbavte-se-zbytecnosti-radi-cinske-umeni-feng-suej\/","author":{"@type":"Person","@id":"https:\/\/www.hilma.cz\/author\/#Person","name":"","url":"https:\/\/www.hilma.cz\/author\/","identifier":1,"image":{"@type":"ImageObject","@id":"https:\/\/secure.gravatar.com\/avatar\/82449f5dd313bdc88befc1a2d3138ce45c5e7d5eeee84221e3cf7fbc184b80d3?s=96&d=mm&r=g","url":"https:\/\/secure.gravatar.com\/avatar\/82449f5dd313bdc88befc1a2d3138ce45c5e7d5eeee84221e3cf7fbc184b80d3?s=96&d=mm&r=g","height":96,"width":96}},"publisher":{"@type":"Organization","name":"hilma.cz","logo":{"@type":"ImageObject","@id":"\/logo.png","url":"\/logo.png","width":600,"height":60}},"image":null,"wordCount":273,"keywords":null},{"@type":"Article","@id":"https:\/\/www.hilma.cz\/lecba-pro-muze\/","headline":"L\u00e9\u010dba pro mu\u017ee","url":"https:\/\/www.hilma.cz\/lecba-pro-muze\/","datePublished":"2023-09-26","dateModified":"2023-09-26","mainEntityOfPage":"https:\/\/www.hilma.cz\/lecba-pro-muze\/","author":{"@type":"Person","@id":"https:\/\/www.hilma.cz\/author\/#Person","name":"","url":"https:\/\/www.hilma.cz\/author\/","identifier":1,"image":{"@type":"ImageObject","@id":"https:\/\/secure.gravatar.com\/avatar\/82449f5dd313bdc88befc1a2d3138ce45c5e7d5eeee84221e3cf7fbc184b80d3?s=96&d=mm&r=g","url":"https:\/\/secure.gravatar.com\/avatar\/82449f5dd313bdc88befc1a2d3138ce45c5e7d5eeee84221e3cf7fbc184b80d3?s=96&d=mm&r=g","height":96,"width":96}},"publisher":{"@type":"Organization","name":"hilma.cz","logo":{"@type":"ImageObject","@id":"\/logo.png","url":"\/logo.png","width":600,"height":60}},"image":{"@type":"ImageObject","@id":"https:\/\/www.hilma.cz\/wp-content\/uploads\/city-1868530_1280.jpg","url":"https:\/\/www.hilma.cz\/wp-content\/uploads\/city-1868530_1280.jpg","height":0,"width":0},"wordCount":531,"keywords":null},{"@type":"Article","@id":"https:\/\/www.hilma.cz\/proc-stavet-s-nami\/","headline":"Pro\u010d stav\u011bt s n\u00e1mi?","url":"https:\/\/www.hilma.cz\/proc-stavet-s-nami\/","datePublished":"2023-09-24","dateModified":"2023-09-24","mainEntityOfPage":"https:\/\/www.hilma.cz\/proc-stavet-s-nami\/","author":{"@type":"Person","@id":"https:\/\/www.hilma.cz\/author\/#Person","name":"","url":"https:\/\/www.hilma.cz\/author\/","identifier":1,"image":{"@type":"ImageObject","@id":"https:\/\/secure.gravatar.com\/avatar\/82449f5dd313bdc88befc1a2d3138ce45c5e7d5eeee84221e3cf7fbc184b80d3?s=96&d=mm&r=g","url":"https:\/\/secure.gravatar.com\/avatar\/82449f5dd313bdc88befc1a2d3138ce45c5e7d5eeee84221e3cf7fbc184b80d3?s=96&d=mm&r=g","height":96,"width":96}},"publisher":{"@type":"Organization","name":"hilma.cz","logo":{"@type":"ImageObject","@id":"\/logo.png","url":"\/logo.png","width":600,"height":60}},"image":{"@type":"ImageObject","@id":"https:\/\/www.hilma.cz\/wp-content\/uploads\/house-1836070_640_10_10_6.jpg","url":"https:\/\/www.hilma.cz\/wp-content\/uploads\/house-1836070_640_10_10_6.jpg","height":0,"width":0},"wordCount":537,"keywords":null},{"@type":"Article","@id":"https:\/\/www.hilma.cz\/lide-kteri-se-dostanou-do-politiky\/","headline":"Lid\u00e9, kte\u0159\u00ed se dostanou do politiky..","url":"https:\/\/www.hilma.cz\/lide-kteri-se-dostanou-do-politiky\/","datePublished":"2023-08-31","dateModified":"2023-08-31","mainEntityOfPage":"https:\/\/www.hilma.cz\/lide-kteri-se-dostanou-do-politiky\/","author":{"@type":"Person","@id":"https:\/\/www.hilma.cz\/author\/#Person","name":"","url":"https:\/\/www.hilma.cz\/author\/","identifier":1,"image":{"@type":"ImageObject","@id":"https:\/\/secure.gravatar.com\/avatar\/82449f5dd313bdc88befc1a2d3138ce45c5e7d5eeee84221e3cf7fbc184b80d3?s=96&d=mm&r=g","url":"https:\/\/secure.gravatar.com\/avatar\/82449f5dd313bdc88befc1a2d3138ce45c5e7d5eeee84221e3cf7fbc184b80d3?s=96&d=mm&r=g","height":96,"width":96}},"publisher":{"@type":"Organization","name":"hilma.cz","logo":{"@type":"ImageObject","@id":"\/logo.png","url":"\/logo.png","width":600,"height":60}},"image":{"@type":"ImageObject","@id":"https:\/\/www.hilma.cz\/wp-content\/uploads\/deceive-1299043_640.png","url":"https:\/\/www.hilma.cz\/wp-content\/uploads\/deceive-1299043_640.png","height":0,"width":0},"wordCount":518,"keywords":null},{"@type":"Article","@id":"https:\/\/www.hilma.cz\/kvalitni-bytovy-doplnek\/","headline":"Kvalitn\u00ed bytov\u00fd dopln\u011bk","url":"https:\/\/www.hilma.cz\/kvalitni-bytovy-doplnek\/","datePublished":"2023-08-26","dateModified":"2023-08-26","mainEntityOfPage":"https:\/\/www.hilma.cz\/kvalitni-bytovy-doplnek\/","author":{"@type":"Person","@id":"https:\/\/www.hilma.cz\/author\/#Person","name":"","url":"https:\/\/www.hilma.cz\/author\/","identifier":1,"image":{"@type":"ImageObject","@id":"https:\/\/secure.gravatar.com\/avatar\/82449f5dd313bdc88befc1a2d3138ce45c5e7d5eeee84221e3cf7fbc184b80d3?s=96&d=mm&r=g","url":"https:\/\/secure.gravatar.com\/avatar\/82449f5dd313bdc88befc1a2d3138ce45c5e7d5eeee84221e3cf7fbc184b80d3?s=96&d=mm&r=g","height":96,"width":96}},"publisher":{"@type":"Organization","name":"hilma.cz","logo":{"@type":"ImageObject","@id":"\/logo.png","url":"\/logo.png","width":600,"height":60}},"image":null,"wordCount":293,"keywords":null},{"@type":"Article","@id":"https:\/\/www.hilma.cz\/kolagen-pro-nas\/","headline":"Kolagen pro n\u00e1s","url":"https:\/\/www.hilma.cz\/kolagen-pro-nas\/","datePublished":"2023-07-23","dateModified":"2023-07-23","mainEntityOfPage":"https:\/\/www.hilma.cz\/kolagen-pro-nas\/","author":{"@type":"Person","@id":"https:\/\/www.hilma.cz\/author\/#Person","name":"","url":"https:\/\/www.hilma.cz\/author\/","identifier":1,"image":{"@type":"ImageObject","@id":"https:\/\/secure.gravatar.com\/avatar\/82449f5dd313bdc88befc1a2d3138ce45c5e7d5eeee84221e3cf7fbc184b80d3?s=96&d=mm&r=g","url":"https:\/\/secure.gravatar.com\/avatar\/82449f5dd313bdc88befc1a2d3138ce45c5e7d5eeee84221e3cf7fbc184b80d3?s=96&d=mm&r=g","height":96,"width":96}},"publisher":{"@type":"Organization","name":"hilma.cz","logo":{"@type":"ImageObject","@id":"\/logo.png","url":"\/logo.png","width":600,"height":60}},"image":{"@type":"ImageObject","@id":"https:\/\/www.hilma.cz\/wp-content\/uploads\/make-up-4541782_1280_2.jpg","url":"https:\/\/www.hilma.cz\/wp-content\/uploads\/make-up-4541782_1280_2.jpg","height":0,"width":0},"wordCount":592,"keywords":null},{"@type":"Article","@id":"https:\/\/www.hilma.cz\/prijdte-k-nam-s-jakymkoliv-trapenim\/","headline":"P\u0159ij\u010fte k n\u00e1m s jak\u00fdmkoliv tr\u00e1pen\u00edm","url":"https:\/\/www.hilma.cz\/prijdte-k-nam-s-jakymkoliv-trapenim\/","datePublished":"2023-07-19","dateModified":"2023-07-19","mainEntityOfPage":"https:\/\/www.hilma.cz\/prijdte-k-nam-s-jakymkoliv-trapenim\/","author":{"@type":"Person","@id":"https:\/\/www.hilma.cz\/author\/#Person","name":"","url":"https:\/\/www.hilma.cz\/author\/","identifier":1,"image":{"@type":"ImageObject","@id":"https:\/\/secure.gravatar.com\/avatar\/82449f5dd313bdc88befc1a2d3138ce45c5e7d5eeee84221e3cf7fbc184b80d3?s=96&d=mm&r=g","url":"https:\/\/secure.gravatar.com\/avatar\/82449f5dd313bdc88befc1a2d3138ce45c5e7d5eeee84221e3cf7fbc184b80d3?s=96&d=mm&r=g","height":96,"width":96}},"publisher":{"@type":"Organization","name":"hilma.cz","logo":{"@type":"ImageObject","@id":"\/logo.png","url":"\/logo.png","width":600,"height":60}},"image":null,"wordCount":308,"keywords":null},{"@type":"Article","@id":"https:\/\/www.hilma.cz\/svatba-zvecnena-na-pamatku\/","headline":"Svatba zv\u011b\u010dn\u011bn\u00e1 na pam\u00e1tku","url":"https:\/\/www.hilma.cz\/svatba-zvecnena-na-pamatku\/","datePublished":"2023-06-19","dateModified":"2023-06-19","mainEntityOfPage":"https:\/\/www.hilma.cz\/svatba-zvecnena-na-pamatku\/","author":{"@type":"Person","@id":"https:\/\/www.hilma.cz\/author\/#Person","name":"","url":"https:\/\/www.hilma.cz\/author\/","identifier":1,"image":{"@type":"ImageObject","@id":"https:\/\/secure.gravatar.com\/avatar\/82449f5dd313bdc88befc1a2d3138ce45c5e7d5eeee84221e3cf7fbc184b80d3?s=96&d=mm&r=g","url":"https:\/\/secure.gravatar.com\/avatar\/82449f5dd313bdc88befc1a2d3138ce45c5e7d5eeee84221e3cf7fbc184b80d3?s=96&d=mm&r=g","height":96,"width":96}},"publisher":{"@type":"Organization","name":"hilma.cz","logo":{"@type":"ImageObject","@id":"\/logo.png","url":"\/logo.png","width":600,"height":60}},"image":{"@type":"ImageObject","@id":"https:\/\/www.hilma.cz\/wp-content\/uploads\/woman-4081760_640_4.jpg","url":"https:\/\/www.hilma.cz\/wp-content\/uploads\/woman-4081760_640_4.jpg","height":0,"width":0},"wordCount":537,"keywords":null},{"@type":"Article","@id":"https:\/\/www.hilma.cz\/vase-svatba-v-roce-2015-bude-kouzelna\/","headline":"Va\u0161e svatba v roce 2015 bude kouzeln\u00e1","url":"https:\/\/www.hilma.cz\/vase-svatba-v-roce-2015-bude-kouzelna\/","datePublished":"2023-06-15","dateModified":"2024-06-17","mainEntityOfPage":"https:\/\/www.hilma.cz\/vase-svatba-v-roce-2015-bude-kouzelna\/","author":{"@type":"Person","@id":"https:\/\/www.hilma.cz\/author\/#Person","name":"","url":"https:\/\/www.hilma.cz\/author\/","identifier":1,"image":{"@type":"ImageObject","@id":"https:\/\/secure.gravatar.com\/avatar\/82449f5dd313bdc88befc1a2d3138ce45c5e7d5eeee84221e3cf7fbc184b80d3?s=96&d=mm&r=g","url":"https:\/\/secure.gravatar.com\/avatar\/82449f5dd313bdc88befc1a2d3138ce45c5e7d5eeee84221e3cf7fbc184b80d3?s=96&d=mm&r=g","height":96,"width":96}},"publisher":{"@type":"Organization","name":"hilma.cz","logo":{"@type":"ImageObject","@id":"\/logo.png","url":"\/logo.png","width":600,"height":60}},"image":null,"wordCount":280,"keywords":null},{"@type":"Article","@id":"https:\/\/www.hilma.cz\/kde-nakoupit-levne-tonery-abychom-usetrili-na-spotrebnim-materialu\/","headline":"Kde nakoupit levn\u00e9 tonery, abychom u\u0161et\u0159ili na spot\u0159ebn\u00edm materi\u00e1lu","url":"https:\/\/www.hilma.cz\/kde-nakoupit-levne-tonery-abychom-usetrili-na-spotrebnim-materialu\/","datePublished":"2023-06-07","dateModified":"2023-06-07","mainEntityOfPage":"https:\/\/www.hilma.cz\/kde-nakoupit-levne-tonery-abychom-usetrili-na-spotrebnim-materialu\/","author":{"@type":"Person","@id":"https:\/\/www.hilma.cz\/author\/#Person","name":"","url":"https:\/\/www.hilma.cz\/author\/","identifier":1,"image":{"@type":"ImageObject","@id":"https:\/\/secure.gravatar.com\/avatar\/82449f5dd313bdc88befc1a2d3138ce45c5e7d5eeee84221e3cf7fbc184b80d3?s=96&d=mm&r=g","url":"https:\/\/secure.gravatar.com\/avatar\/82449f5dd313bdc88befc1a2d3138ce45c5e7d5eeee84221e3cf7fbc184b80d3?s=96&d=mm&r=g","height":96,"width":96}},"publisher":{"@type":"Organization","name":"hilma.cz","logo":{"@type":"ImageObject","@id":"\/logo.png","url":"\/logo.png","width":600,"height":60}},"image":{"@type":"ImageObject","@id":"https:\/\/www.hilma.cz\/wp-content\/uploads\/inkjet-147674_640.png","url":"https:\/\/www.hilma.cz\/wp-content\/uploads\/inkjet-147674_640.png","height":0,"width":0},"wordCount":514,"keywords":null}]},{"@context":"https:\/\/schema.org","@type":"WebSite","@id":"https:\/\/www.hilma.cz\/#website","name":"Hilma","url":"https:\/\/www.hilma.cz","potentialAction":{"@type":"SearchAction","target":"https:\/\/www.hilma.cz\/?s={search_term_string}","query-input":"required name=search_term_string"}}]