{"@context":"https:\/\/schema.org\/","@type":"CollectionPage","@id":"https:\/\/www.hilma.cz\/politika\/#CollectionPage","headline":"Politika Category","description":"","url":"https:\/\/www.hilma.cz\/politika\/","hasPart":[{"@type":"Article","@id":"https:\/\/www.hilma.cz\/lide-kteri-se-dostanou-do-politiky\/","headline":"Lid\u00e9, kte\u0159\u00ed se dostanou do politiky..","url":"https:\/\/www.hilma.cz\/lide-kteri-se-dostanou-do-politiky\/","datePublished":"2023-08-31","dateModified":"2023-08-31","mainEntityOfPage":"https:\/\/www.hilma.cz\/lide-kteri-se-dostanou-do-politiky\/","author":{"@type":"Person","@id":"https:\/\/www.hilma.cz\/author\/#Person","name":"","url":"https:\/\/www.hilma.cz\/author\/","identifier":1,"image":{"@type":"ImageObject","@id":"https:\/\/secure.gravatar.com\/avatar\/82449f5dd313bdc88befc1a2d3138ce45c5e7d5eeee84221e3cf7fbc184b80d3?s=96&d=mm&r=g","url":"https:\/\/secure.gravatar.com\/avatar\/82449f5dd313bdc88befc1a2d3138ce45c5e7d5eeee84221e3cf7fbc184b80d3?s=96&d=mm&r=g","height":96,"width":96}},"publisher":{"@type":"Organization","name":"hilma.cz","logo":{"@type":"ImageObject","@id":"\/logo.png","url":"\/logo.png","width":600,"height":60}},"image":{"@type":"ImageObject","@id":"https:\/\/www.hilma.cz\/wp-content\/uploads\/deceive-1299043_640.png","url":"https:\/\/www.hilma.cz\/wp-content\/uploads\/deceive-1299043_640.png","height":0,"width":0},"keywords":null},{"@type":"Article","@id":"https:\/\/www.hilma.cz\/volby-prezidenta-pro-rok-2023\/","headline":"Volby prezidenta pro rok 2023","url":"https:\/\/www.hilma.cz\/volby-prezidenta-pro-rok-2023\/","datePublished":"2022-09-09","dateModified":"2023-05-03","mainEntityOfPage":"https:\/\/www.hilma.cz\/volby-prezidenta-pro-rok-2023\/","author":{"@type":"Person","@id":"https:\/\/www.hilma.cz\/author\/#Person","name":"","url":"https:\/\/www.hilma.cz\/author\/","identifier":1,"image":{"@type":"ImageObject","@id":"https:\/\/secure.gravatar.com\/avatar\/82449f5dd313bdc88befc1a2d3138ce45c5e7d5eeee84221e3cf7fbc184b80d3?s=96&d=mm&r=g","url":"https:\/\/secure.gravatar.com\/avatar\/82449f5dd313bdc88befc1a2d3138ce45c5e7d5eeee84221e3cf7fbc184b80d3?s=96&d=mm&r=g","height":96,"width":96}},"publisher":{"@type":"Organization","name":"hilma.cz","logo":{"@type":"ImageObject","@id":"\/logo.png","url":"\/logo.png","width":600,"height":60}},"image":{"@type":"ImageObject","@id":"https:\/\/www.hilma.cz\/wp-content\/uploads\/volben%C3%AD%20l%C3%ADstky.jpg","url":"https:\/\/www.hilma.cz\/wp-content\/uploads\/volben%C3%AD%20l%C3%ADstky.jpg","height":0,"width":0},"keywords":null},{"@type":"Article","@id":"https:\/\/www.hilma.cz\/proc-nas-politika-tak-rozdeluje\/","headline":"Pro\u010d n\u00e1s politika tak rozd\u011bluje","url":"https:\/\/www.hilma.cz\/proc-nas-politika-tak-rozdeluje\/","datePublished":"2022-07-22","dateModified":"2023-05-03","mainEntityOfPage":"https:\/\/www.hilma.cz\/proc-nas-politika-tak-rozdeluje\/","author":{"@type":"Person","@id":"https:\/\/www.hilma.cz\/author\/#Person","name":"","url":"https:\/\/www.hilma.cz\/author\/","identifier":1,"image":{"@type":"ImageObject","@id":"https:\/\/secure.gravatar.com\/avatar\/82449f5dd313bdc88befc1a2d3138ce45c5e7d5eeee84221e3cf7fbc184b80d3?s=96&d=mm&r=g","url":"https:\/\/secure.gravatar.com\/avatar\/82449f5dd313bdc88befc1a2d3138ce45c5e7d5eeee84221e3cf7fbc184b80d3?s=96&d=mm&r=g","height":96,"width":96}},"publisher":{"@type":"Organization","name":"hilma.cz","logo":{"@type":"ImageObject","@id":"\/logo.png","url":"\/logo.png","width":600,"height":60}},"image":{"@type":"ImageObject","@id":"https:\/\/www.hilma.cz\/wp-content\/uploads\/politika1_5.jpg","url":"https:\/\/www.hilma.cz\/wp-content\/uploads\/politika1_5.jpg","height":0,"width":0},"keywords":null},{"@type":"Article","@id":"https:\/\/www.hilma.cz\/oslava-a-politika\/","headline":"Oslava a politika","url":"https:\/\/www.hilma.cz\/oslava-a-politika\/","datePublished":"2022-05-30","dateModified":"2023-05-03","mainEntityOfPage":"https:\/\/www.hilma.cz\/oslava-a-politika\/","author":{"@type":"Person","@id":"https:\/\/www.hilma.cz\/author\/#Person","name":"","url":"https:\/\/www.hilma.cz\/author\/","identifier":1,"image":{"@type":"ImageObject","@id":"https:\/\/secure.gravatar.com\/avatar\/82449f5dd313bdc88befc1a2d3138ce45c5e7d5eeee84221e3cf7fbc184b80d3?s=96&d=mm&r=g","url":"https:\/\/secure.gravatar.com\/avatar\/82449f5dd313bdc88befc1a2d3138ce45c5e7d5eeee84221e3cf7fbc184b80d3?s=96&d=mm&r=g","height":96,"width":96}},"publisher":{"@type":"Organization","name":"hilma.cz","logo":{"@type":"ImageObject","@id":"\/logo.png","url":"\/logo.png","width":600,"height":60}},"image":{"@type":"ImageObject","@id":"https:\/\/www.hilma.cz\/wp-content\/uploads\/newspapers-4565916_960_720.jpg","url":"https:\/\/www.hilma.cz\/wp-content\/uploads\/newspapers-4565916_960_720.jpg","height":0,"width":0},"keywords":null},{"@type":"Article","@id":"https:\/\/www.hilma.cz\/zradna-politika\/","headline":"Zr\u00e1dn\u00e1 politika","url":"https:\/\/www.hilma.cz\/zradna-politika\/","datePublished":"2022-03-22","dateModified":"2022-03-22","mainEntityOfPage":"https:\/\/www.hilma.cz\/zradna-politika\/","author":{"@type":"Person","@id":"https:\/\/www.hilma.cz\/author\/#Person","name":"","url":"https:\/\/www.hilma.cz\/author\/","identifier":1,"image":{"@type":"ImageObject","@id":"https:\/\/secure.gravatar.com\/avatar\/82449f5dd313bdc88befc1a2d3138ce45c5e7d5eeee84221e3cf7fbc184b80d3?s=96&d=mm&r=g","url":"https:\/\/secure.gravatar.com\/avatar\/82449f5dd313bdc88befc1a2d3138ce45c5e7d5eeee84221e3cf7fbc184b80d3?s=96&d=mm&r=g","height":96,"width":96}},"publisher":{"@type":"Organization","name":"hilma.cz","logo":{"@type":"ImageObject","@id":"\/logo.png","url":"\/logo.png","width":600,"height":60}},"image":{"@type":"ImageObject","@id":"https:\/\/www.hilma.cz\/wp-content\/uploads\/politika2_2.png","url":"https:\/\/www.hilma.cz\/wp-content\/uploads\/politika2_2.png","height":0,"width":0},"keywords":null}]}