[{"@context":"https:\/\/schema.org\/","@type":"Article","@id":"https:\/\/www.hilma.cz\/vhodne-zvoleny-kocarek-pro-miminko-vam-usetri-perne-chvile-i-dalsi-financni-naklady\/#Article","mainEntityOfPage":"https:\/\/www.hilma.cz\/vhodne-zvoleny-kocarek-pro-miminko-vam-usetri-perne-chvile-i-dalsi-financni-naklady\/","headline":"Vhodn\u011b zvolen\u00fd ko\u010d\u00e1rek pro miminko v\u00e1m u\u0161et\u0159\u00ed pern\u00e9 chv\u00edle i dal\u0161\u00ed finan\u010dn\u00ed n\u00e1klady","name":"Vhodn\u011b zvolen\u00fd ko\u010d\u00e1rek pro miminko v\u00e1m u\u0161et\u0159\u00ed pern\u00e9 chv\u00edle i dal\u0161\u00ed finan\u010dn\u00ed n\u00e1klady","description":"P\u0159\u00edchod miminka je spojen s \u0159adou za\u0159izov\u00e1n\u00ed a pl\u00e1nov\u00e1n\u00ed. Jedn\u00edm z nejd\u016fle\u017eit\u011bj\u0161\u00edch \u00fakol\u016f je pro v\u011bt\u0161inu rodi\u010d\u016f po\u0159\u00edzen\u00ed v\u00fdbavi\u010dky, kter\u00e1 zajist\u00ed miminku pohodl\u00ed a co &hellip; ","datePublished":"2022-07-15","dateModified":"2023-05-03","author":{"@type":"Person","@id":"https:\/\/www.hilma.cz\/author\/#Person","name":"","url":"https:\/\/www.hilma.cz\/author\/","identifier":1,"image":{"@type":"ImageObject","@id":"https:\/\/secure.gravatar.com\/avatar\/82449f5dd313bdc88befc1a2d3138ce45c5e7d5eeee84221e3cf7fbc184b80d3?s=96&d=mm&r=g","url":"https:\/\/secure.gravatar.com\/avatar\/82449f5dd313bdc88befc1a2d3138ce45c5e7d5eeee84221e3cf7fbc184b80d3?s=96&d=mm&r=g","height":96,"width":96}},"publisher":{"@type":"Organization","name":"hilma.cz","logo":{"@type":"ImageObject","@id":"\/logo.png","url":"\/logo.png","width":600,"height":60}},"image":{"@type":"ImageObject","@id":"https:\/\/www.hilma.cz\/wp-content\/uploads\/alley-g85da141bb_640%20-%20kopie.jpg","url":"https:\/\/www.hilma.cz\/wp-content\/uploads\/alley-g85da141bb_640%20-%20kopie.jpg","height":0,"width":0},"url":"https:\/\/www.hilma.cz\/vhodne-zvoleny-kocarek-pro-miminko-vam-usetri-perne-chvile-i-dalsi-financni-naklady\/","wordCount":432,"articleBody":"      P\u0159\u00edchod miminka je spojen s \u0159adou za\u0159izov\u00e1n\u00ed a pl\u00e1nov\u00e1n\u00ed. Jedn\u00edm z nejd\u016fle\u017eit\u011bj\u0161\u00edch \u00fakol\u016f je pro v\u011bt\u0161inu rodi\u010d\u016f po\u0159\u00edzen\u00ed v\u00fdbavi\u010dky, kter\u00e1 zajist\u00ed miminku pohodl\u00ed a co mo\u017en\u00e1 nejlep\u0161\u00ed p\u00e9\u010di. Do z\u00e1kladn\u00ed v\u00fdbavy d\u011b\u0165\u00e1tka \u0159ad\u00edme samoz\u0159ejm\u011b i ko\u010d\u00e1rek, kter\u00fd je t\u0159eba vyb\u00edrat s rozmyslem. Ji\u017e d\u00e1vno pry\u010d jsou doby, kdy byl na trhu k dost\u00e1n\u00ed omezen\u00fd v\u00fdb\u011br ko\u010d\u00e1rk\u016f. V sou\u010dasn\u00e9 dob\u011b jsou vyr\u00e1b\u011bny ko\u010d\u00e1rky uzp\u016fsoben\u00e9 nejr\u016fzn\u011bj\u0161\u00edm pot\u0159eb\u00e1m. Nalezneme tak ko\u010d\u00e1rky, kter\u00e9 jsou vhodn\u00e9 do m\u011bsta \u010di do ter\u00e9nu nebo dokonce takov\u00e9, kter\u00e9 jsou p\u0159\u00edmo ur\u010den\u00e9 pro sportovn\u00ed aktivity. Ide\u00e1ln\u00ed a z\u00e1rove\u0148 nej\u010dast\u011bj\u0161\u00ed volbou rodi\u010d\u016f jsou kombinovan\u00e9 ko\u010d\u00e1rkyJe v\u00edce ne\u017e vhodn\u00e9 myslet i na to, \u017ee va\u0161e miminko bude v ko\u010d\u00e1rku tr\u00e1vit mnoho \u010dasu, tud\u00ed\u017e by m\u011bl b\u00fdt ko\u010d\u00e1rek maxim\u00e1ln\u011b pohodln\u00fd. Ur\u010dit\u011b se v\u00e1m vyplat\u00ed po\u0159\u00eddit ko\u010d\u00e1rek kombinovan\u00fd. Takov\u00e9 ko\u010d\u00e1rky jsou slo\u017eeny z hlubok\u00e9 korby, sportovn\u00ed n\u00e1stavby a mnohdy i autoseda\u010dky (tzv. vaj\u00ed\u010dka). Kombinovan\u00fd ko\u010d\u00e1rek v\u00e1m vydr\u017e\u00ed prakticky po celou dobu, kdy bude va\u0161e d\u00edt\u011b ko\u010d\u00e1rek pot\u0159ebovat. Mezi obl\u00edben\u00e9 produkty z t\u00e9to kategorie pat\u0159\u00ed nap\u0159\u00edklad i ko\u010d\u00e1rek Riko Basic Zelenazirafa.czZaj\u00edmat by v\u00e1s m\u011blo i proveden\u00ed ko\u010d\u00e1rku, a to p\u0159edev\u0161\u00edm celkov\u00e1 konstrukce, kvalita pou\u017eit\u00e9ho materi\u00e1lu a v neposledn\u00ed \u0159ad\u011b tak\u00e9 v\u00fdbava. V dne\u0161n\u00ed dob\u011b jsou ji\u017e standardem p\u0159edn\u00ed oto\u010dn\u00e1 kola \u010di centr\u00e1ln\u00ed brzda. D\u00edky t\u011bmto prvk\u016fm se v\u00e1m bude s ko\u010d\u00e1rkem velmi snadno manipulovat. Dal\u0161\u00edm aspektem, kter\u00fd p\u0159i v\u00fdb\u011bru sledovat by bezesporu m\u011bla b\u00fdt i slo\u017eitost mont\u00e1\u017ee a celkov\u00e1 hmotnost. P\u0159eci jen budete ko\u010d\u00e1rek \u010dasto skl\u00e1dat a p\u0159emis\u0165ovat. Pohodl\u00ed a funk\u010dnost na prvn\u00edm m\u00edst\u011bDesign ko\u010d\u00e1rku by pro v\u00e1s m\u011bl b\u00fdt a\u017e na posledn\u00edm m\u00edst\u011b. Z\u00e1kladem je samoz\u0159ejm\u011b maxim\u00e1ln\u00ed funk\u010dnost a tak\u00e9 pohodlnost, kter\u00e1 v\u00e1m zajist\u00ed spokojen\u00e9 miminko, kter\u00e9 s v\u00e1mi bude r\u00e1do cestovat a objevovat okoln\u00ed sv\u011bt. Na ko\u010d\u00e1rku se nevyplat\u00ed \u0161et\u0159it. Jedn\u00e1 se p\u0159eci jen o \u010d\u00e1st v\u00fdbavy, kter\u00e1 bude d\u00edt\u011b prov\u00e1zet n\u011bkolik prvn\u00edch let jeho \u017eivota.                                                                                                                                                                                                                                                                                                                                                                                                  "},{"@context":"https:\/\/schema.org\/","@type":"BreadcrumbList","itemListElement":[{"@type":"ListItem","position":1,"name":"Vhodn\u011b zvolen\u00fd ko\u010d\u00e1rek pro miminko v\u00e1m u\u0161et\u0159\u00ed pern\u00e9 chv\u00edle i dal\u0161\u00ed finan\u010dn\u00ed n\u00e1klady","item":"https:\/\/www.hilma.cz\/vhodne-zvoleny-kocarek-pro-miminko-vam-usetri-perne-chvile-i-dalsi-financni-naklady\/#breadcrumbitem"}]}]