[{"@context":"https:\/\/schema.org\/","@type":"Article","@id":"https:\/\/www.hilma.cz\/volby-prezidenta-pro-rok-2023\/#Article","mainEntityOfPage":"https:\/\/www.hilma.cz\/volby-prezidenta-pro-rok-2023\/","headline":"Volby prezidenta pro rok 2023","name":"Volby prezidenta pro rok 2023","description":"Na\u0161emu prezidentovi Milo\u0161i Zemanovi kon\u010d\u00ed u\u017e v \u0159ad\u011b druh\u00e9 funk\u010dn\u00ed obdob\u00ed. A tak nastal \u010das aby ode\u0161el. A na jeho m\u00edsto p\u0159i\u0161el prezident nov\u00fd. A &hellip; ","datePublished":"2022-09-09","dateModified":"2023-05-03","author":{"@type":"Person","@id":"https:\/\/www.hilma.cz\/author\/#Person","name":"","url":"https:\/\/www.hilma.cz\/author\/","identifier":1,"image":{"@type":"ImageObject","@id":"https:\/\/secure.gravatar.com\/avatar\/82449f5dd313bdc88befc1a2d3138ce45c5e7d5eeee84221e3cf7fbc184b80d3?s=96&d=mm&r=g","url":"https:\/\/secure.gravatar.com\/avatar\/82449f5dd313bdc88befc1a2d3138ce45c5e7d5eeee84221e3cf7fbc184b80d3?s=96&d=mm&r=g","height":96,"width":96}},"publisher":{"@type":"Organization","name":"hilma.cz","logo":{"@type":"ImageObject","@id":"\/logo.png","url":"\/logo.png","width":600,"height":60}},"image":{"@type":"ImageObject","@id":"https:\/\/www.hilma.cz\/wp-content\/uploads\/volben%C3%AD%20l%C3%ADstky.jpg","url":"https:\/\/www.hilma.cz\/wp-content\/uploads\/volben%C3%AD%20l%C3%ADstky.jpg","height":0,"width":0},"url":"https:\/\/www.hilma.cz\/volby-prezidenta-pro-rok-2023\/","about":["Politika"],"wordCount":362,"articleBody":"Na\u0161emu prezidentovi Milo\u0161i Zemanovi kon\u010d\u00ed u\u017e v \u0159ad\u011b druh\u00e9 funk\u010dn\u00ed obdob\u00ed. A tak nastal \u010das aby ode\u0161el. A na jeho m\u00edsto p\u0159i\u0161el prezident nov\u00fd. A u\u017e oznamuj\u00ed svoji kandidaturu nov\u00ed uchaze\u010di. Nebude to pro nikoho z nich lehk\u00fd \u00fakol. Proto\u017ee a\u0165 jsou n\u00e1zory na na\u0161eho sou\u010dasn\u00e9ho prezidenta jak\u00e9koliv hodn\u011b dobr\u00fdch z\u00e1sluh se mu mus\u00ed nechat. Zajistil aby \u010cesk\u00e1 republika nep\u0159ijmula euro jako svoji m\u011bnu. Ost\u0159e vystupoval proti p\u0159ij\u00edm\u00e1n\u00ed uprchl\u00edk\u016f do zem\u011b. A to je jen mal\u00fd v\u00fd\u010det. Mysl\u00edm, \u017ee mu n\u00e1le\u017e\u00ed velk\u00fd d\u00edk. Mezi zat\u00edm asi nejv\u011bt\u0161\u00ed favority pat\u0159\u00ed Petr Pavel. Je to b\u00fdval\u00fd arm\u00e1dn\u00ed gener\u00e1l.P\u016fsobil ve funkci v letech 2012-2015. Tak\u00e9 se velmi osv\u011bd\u010dil ve funkci p\u0159edsedy vojensk\u00e9ho v\u00fdboru NATO. A to v letech 2015-2018. Jako dal\u0161\u00ed ozn\u00e1mil kandidaturu filantrop a podnikatel Karel Jane\u010dek. Je to velice v\u00e1\u017een\u00fd matematik a p\u0159edn\u00e1\u0161\u00ed finan\u010dn\u00ed matematiku na Univerzit\u011b Karlov\u011b v Praze. Vystudoval mimo jin\u00e9 tak\u00e9 obor teorie pravd\u011bpodobnosti a matematickou statistiku t\u00e9\u017e na Karlov\u011b univerzit\u011b. Mezi dal\u0161\u00ed se \u0159ad\u00ed nap\u0159\u00edklad Josef St\u0159edula. Je to p\u0159edseda odborov\u00fdch svaz\u016f. Marek Hil\u0161er kandiduje jako l\u00e9ka\u0159 a sen\u00e1tor. Tak\u00e9 p\u016fsob\u00ed jako velmi \u00fasp\u011b\u0161n\u00fd v\u011bdec a ob\u010dansk\u00fd aktivista.Mezi dal\u0161\u00ed pat\u0159\u00ed Danu\u0161e Nerudov\u00e1 je to ekonomka a b\u00fdval\u00e1 rektorka Mendelovy univerzity. Jako hlavn\u00ed body jej\u00ed kampan\u011b prezentuje hlavn\u011b pomoc na\u0161\u00ed zemi p\u0159i sou\u010dasn\u00e9 ekonomick\u00e9 krizi. A tak\u00e9 se zaj\u00edm\u00e1 o dopady klimatick\u00e9 zm\u011bny, kter\u00e1 pr\u00e1v\u011b prob\u00edh\u00e1. Velice zaj\u00edmav\u00fd je tak\u00e9 kandid\u00e1t Tom\u00e1\u0161 Zima. Je to l\u00e9ka\u0159 jeho\u017e specializac\u00ed je biochemie. A st\u00e1le se v n\u00ed zdokonaluje. A tak\u00e9 vedl jako rektor do roku 2022 Univerzitu Karlovu v Praze. A jac\u00ed dal\u0161\u00ed kandid\u00e1ti ozn\u00e1mili kandidaturu? Alena Vit\u00e1skov\u00e1, Tom\u00e1\u0161 B\u0159ezina, Jarom\u00edr Soukup, Karel Divi\u0161, Milo\u0161 Knor, Denisa Rohanov\u00e1, Ivo Mare\u0161, Vladim\u00edr Bo\u0161t\u00edk, Jakub Olbert, Josef Sk\u00e1la, Hynek Bla\u0161ko a Ji\u0159\u00ed Kot\u00e1b.\u00a0                                                                                                                                                                                                                                                                                                                                                                                        4.5\/5 - (8 votes)        "},{"@context":"https:\/\/schema.org\/","@type":"BreadcrumbList","itemListElement":[{"@type":"ListItem","position":1,"name":"Volby prezidenta pro rok 2023","item":"https:\/\/www.hilma.cz\/volby-prezidenta-pro-rok-2023\/#breadcrumbitem"}]}]